{"id":4636,"date":"2025-05-21T14:32:23","date_gmt":"2025-05-21T12:32:23","guid":{"rendered":"https:\/\/www.mecauto.es\/ein-toller-vormittag-beim-firmenlauf-in-san-sebastian\/"},"modified":"2025-05-22T15:05:55","modified_gmt":"2025-05-22T13:05:55","slug":"ein-toller-vormittag-beim-firmenlauf-in-san-sebastian","status":"publish","type":"post","link":"https:\/\/www.mecauto.es\/de\/ein-toller-vormittag-beim-firmenlauf-in-san-sebastian\/","title":{"rendered":"Ein toller Vormittag beim Firmenlauf in San Sebastian!"},"content":{"rendered":"<div class=\"fusion-fullwidth fullwidth-box fusion-builder-row-1 fusion-flex-container nonhundred-percent-fullwidth non-hundred-percent-height-scrolling\" style=\"--awb-border-radius-top-left:0px;--awb-border-radius-top-right:0px;--awb-border-radius-bottom-right:0px;--awb-border-radius-bottom-left:0px;--awb-flex-wrap:wrap;\" ><div class=\"fusion-builder-row fusion-row fusion-flex-align-items-flex-start fusion-flex-content-wrap\" style=\"max-width:1248px;margin-left: calc(-4% \/ 2 );margin-right: calc(-4% \/ 2 );\"><div class=\"fusion-layout-column fusion_builder_column fusion-builder-column-0 fusion_builder_column_1_1 1_1 fusion-flex-column\" style=\"--awb-bg-size:cover;--awb-width-large:100%;--awb-margin-top-large:0px;--awb-spacing-right-large:1.92%;--awb-margin-bottom-large:0px;--awb-spacing-left-large:1.92%;--awb-width-medium:100%;--awb-spacing-right-medium:1.92%;--awb-spacing-left-medium:1.92%;--awb-width-small:100%;--awb-spacing-right-small:1.92%;--awb-spacing-left-small:1.92%;\"><div class=\"fusion-column-wrapper fusion-flex-justify-content-flex-start fusion-content-layout-column\"><div class=\"fusion-text fusion-text-1\"><p>Eine unschlagbare Atmosph\u00e4re, einen sonnigen Tag und eine tolle Zeit mit den Kollegen genossen die beiden Teams der Wisco Group bei der diesj\u00e4hrigen Veranstaltung.<\/p>\n<p>Wir m\u00f6chten uns bei den Organisatoren bedanken, die wieder einmal einen gro\u00dfartigen Lauf vorbereitet haben, der den Teamgeist, die Gesundheit und das Wohlbefinden der Unternehmen in Gipuzkoa f\u00f6rdert.<\/p>\n<p>Unsere 8 L\u00e4uferinnen und L\u00e4ufer haben ihr Bestes gegeben und dabei einen gro\u00dfen Wettkampfgeist und vor allem Kameradschaft bewiesen. Ihre Energie und ihr Enthusiasmus spiegeln perfekt die Werte der Zusammenarbeit und des Teamworks wider, die uns auszeichnen.<\/p>\n<p>Vielen Dank auch an alle, die gekommen sind, um uns anzufeuern, bis zum n\u00e4chsten Jahr!!!<\/p>\n<p><img decoding=\"async\" class=\"alignleft wp-image-5618 size-fusion-600\" src=\"https:\/\/www.wisco.es\/wp-content\/uploads\/2025\/05\/FINISH-WISCO-600x450.jpg\" alt=\"\" width=\"600\" height=\"450\" \/> <img decoding=\"async\" class=\"alignleft wp-image-5623 size-fusion-600\" src=\"https:\/\/www.wisco.es\/wp-content\/uploads\/2025\/05\/FINISH-MECAUTO-2-600x450.jpg\" alt=\"\" width=\"600\" height=\"450\" \/> <img decoding=\"async\" class=\"alignleft wp-image-5628 size-fusion-600\" src=\"https:\/\/www.wisco.es\/wp-content\/uploads\/2025\/05\/FINISH-MECAUTO-600x450.jpg\" alt=\"\" width=\"600\" height=\"450\" \/> <img decoding=\"async\" class=\"alignleft wp-image-5633 size-fusion-600\" src=\"https:\/\/www.wisco.es\/wp-content\/uploads\/2025\/05\/FINISH-WISCO-2-600x450.jpg\" alt=\"\" width=\"600\" height=\"450\" \/><\/p>\n<\/div><\/div><\/div><\/div><\/div>\n","protected":false},"excerpt":{"rendered":"","protected":false},"author":126,"featured_media":4633,"comment_status":"open","ping_status":"open","sticky":false,"template":"","format":"standard","meta":{"footnotes":""},"categories":[108],"tags":[],"class_list":["post-4636","post","type-post","status-publish","format-standard","has-post-thumbnail","hentry","category-nachrichten"],"yoast_head":"<!-- This site is optimized with the Yoast SEO plugin v23.8 - https:\/\/yoast.com\/wordpress\/plugins\/seo\/ -->\n<title>Ein toller Vormittag beim Firmenlauf in San Sebastian! - Mecauto<\/title>\n<meta name=\"robots\" content=\"index, follow, max-snippet:-1, max-image-preview:large, max-video-preview:-1\" \/>\n<link rel=\"canonical\" href=\"https:\/\/www.mecauto.es\/de\/ein-toller-vormittag-beim-firmenlauf-in-san-sebastian\/\" \/>\n<meta property=\"og:locale\" content=\"de_DE\" \/>\n<meta property=\"og:type\" content=\"article\" \/>\n<meta property=\"og:title\" content=\"Ein toller Vormittag beim Firmenlauf in San Sebastian! - Mecauto\" \/>\n<meta property=\"og:url\" content=\"https:\/\/www.mecauto.es\/de\/ein-toller-vormittag-beim-firmenlauf-in-san-sebastian\/\" \/>\n<meta property=\"og:site_name\" content=\"Mecauto\" \/>\n<meta property=\"article:published_time\" content=\"2025-05-21T12:32:23+00:00\" \/>\n<meta property=\"article:modified_time\" content=\"2025-05-22T13:05:55+00:00\" \/>\n<meta property=\"og:image\" content=\"https:\/\/www.mecauto.es\/wp-content\/uploads\/2025\/05\/IMG_6355-scaled.jpg\" \/>\n\t<meta property=\"og:image:width\" content=\"2560\" \/>\n\t<meta property=\"og:image:height\" content=\"1920\" \/>\n\t<meta property=\"og:image:type\" content=\"image\/jpeg\" \/>\n<meta name=\"author\" content=\"Alasdair Hood\" \/>\n<meta name=\"twitter:card\" content=\"summary_large_image\" \/>\n<meta name=\"twitter:label1\" content=\"Verfasst von\" \/>\n\t<meta name=\"twitter:data1\" content=\"Alasdair Hood\" \/>\n\t<meta name=\"twitter:label2\" content=\"Gesch\u00e4tzte Lesezeit\" \/>\n\t<meta name=\"twitter:data2\" content=\"2 Minuten\" \/>\n<script type=\"application\/ld+json\" class=\"yoast-schema-graph\">{\"@context\":\"https:\/\/schema.org\",\"@graph\":[{\"@type\":\"WebPage\",\"@id\":\"https:\/\/www.mecauto.es\/de\/ein-toller-vormittag-beim-firmenlauf-in-san-sebastian\/\",\"url\":\"https:\/\/www.mecauto.es\/de\/ein-toller-vormittag-beim-firmenlauf-in-san-sebastian\/\",\"name\":\"Ein toller Vormittag beim Firmenlauf in San Sebastian! - Mecauto\",\"isPartOf\":{\"@id\":\"https:\/\/www.mecauto.es\/#website\"},\"primaryImageOfPage\":{\"@id\":\"https:\/\/www.mecauto.es\/de\/ein-toller-vormittag-beim-firmenlauf-in-san-sebastian\/#primaryimage\"},\"image\":{\"@id\":\"https:\/\/www.mecauto.es\/de\/ein-toller-vormittag-beim-firmenlauf-in-san-sebastian\/#primaryimage\"},\"thumbnailUrl\":\"https:\/\/www.mecauto.es\/wp-content\/uploads\/2025\/05\/IMG_6355-scaled.jpg\",\"datePublished\":\"2025-05-21T12:32:23+00:00\",\"dateModified\":\"2025-05-22T13:05:55+00:00\",\"author\":{\"@id\":\"https:\/\/www.mecauto.es\/#\/schema\/person\/8709eead8b6cc86e4bb162eb2dfbfd4b\"},\"breadcrumb\":{\"@id\":\"https:\/\/www.mecauto.es\/de\/ein-toller-vormittag-beim-firmenlauf-in-san-sebastian\/#breadcrumb\"},\"inLanguage\":\"de-DE\",\"potentialAction\":[{\"@type\":\"ReadAction\",\"target\":[\"https:\/\/www.mecauto.es\/de\/ein-toller-vormittag-beim-firmenlauf-in-san-sebastian\/\"]}]},{\"@type\":\"ImageObject\",\"inLanguage\":\"de-DE\",\"@id\":\"https:\/\/www.mecauto.es\/de\/ein-toller-vormittag-beim-firmenlauf-in-san-sebastian\/#primaryimage\",\"url\":\"https:\/\/www.mecauto.es\/wp-content\/uploads\/2025\/05\/IMG_6355-scaled.jpg\",\"contentUrl\":\"https:\/\/www.mecauto.es\/wp-content\/uploads\/2025\/05\/IMG_6355-scaled.jpg\",\"width\":2560,\"height\":1920},{\"@type\":\"BreadcrumbList\",\"@id\":\"https:\/\/www.mecauto.es\/de\/ein-toller-vormittag-beim-firmenlauf-in-san-sebastian\/#breadcrumb\",\"itemListElement\":[{\"@type\":\"ListItem\",\"position\":1,\"name\":\"Portada\",\"item\":\"https:\/\/www.mecauto.es\/\"},{\"@type\":\"ListItem\",\"position\":2,\"name\":\"Ein toller Vormittag beim Firmenlauf in San Sebastian!\"}]},{\"@type\":\"WebSite\",\"@id\":\"https:\/\/www.mecauto.es\/#website\",\"url\":\"https:\/\/www.mecauto.es\/\",\"name\":\"Mecauto\",\"description\":\"\",\"potentialAction\":[{\"@type\":\"SearchAction\",\"target\":{\"@type\":\"EntryPoint\",\"urlTemplate\":\"https:\/\/www.mecauto.es\/?s={search_term_string}\"},\"query-input\":{\"@type\":\"PropertyValueSpecification\",\"valueRequired\":true,\"valueName\":\"search_term_string\"}}],\"inLanguage\":\"de-DE\"},{\"@type\":\"Person\",\"@id\":\"https:\/\/www.mecauto.es\/#\/schema\/person\/8709eead8b6cc86e4bb162eb2dfbfd4b\",\"name\":\"Alasdair Hood\",\"description\":\"WISCO\",\"url\":\"https:\/\/www.mecauto.es\/de\/author\/alasdair\/\"}]}<\/script>\n<!-- \/ Yoast SEO plugin. -->","yoast_head_json":{"title":"Ein toller Vormittag beim Firmenlauf in San Sebastian! - Mecauto","robots":{"index":"index","follow":"follow","max-snippet":"max-snippet:-1","max-image-preview":"max-image-preview:large","max-video-preview":"max-video-preview:-1"},"canonical":"https:\/\/www.mecauto.es\/de\/ein-toller-vormittag-beim-firmenlauf-in-san-sebastian\/","og_locale":"de_DE","og_type":"article","og_title":"Ein toller Vormittag beim Firmenlauf in San Sebastian! - Mecauto","og_url":"https:\/\/www.mecauto.es\/de\/ein-toller-vormittag-beim-firmenlauf-in-san-sebastian\/","og_site_name":"Mecauto","article_published_time":"2025-05-21T12:32:23+00:00","article_modified_time":"2025-05-22T13:05:55+00:00","og_image":[{"width":2560,"height":1920,"url":"https:\/\/www.mecauto.es\/wp-content\/uploads\/2025\/05\/IMG_6355-scaled.jpg","type":"image\/jpeg"}],"author":"Alasdair Hood","twitter_card":"summary_large_image","twitter_misc":{"Verfasst von":"Alasdair Hood","Gesch\u00e4tzte Lesezeit":"2 Minuten"},"schema":{"@context":"https:\/\/schema.org","@graph":[{"@type":"WebPage","@id":"https:\/\/www.mecauto.es\/de\/ein-toller-vormittag-beim-firmenlauf-in-san-sebastian\/","url":"https:\/\/www.mecauto.es\/de\/ein-toller-vormittag-beim-firmenlauf-in-san-sebastian\/","name":"Ein toller Vormittag beim Firmenlauf in San Sebastian! - Mecauto","isPartOf":{"@id":"https:\/\/www.mecauto.es\/#website"},"primaryImageOfPage":{"@id":"https:\/\/www.mecauto.es\/de\/ein-toller-vormittag-beim-firmenlauf-in-san-sebastian\/#primaryimage"},"image":{"@id":"https:\/\/www.mecauto.es\/de\/ein-toller-vormittag-beim-firmenlauf-in-san-sebastian\/#primaryimage"},"thumbnailUrl":"https:\/\/www.mecauto.es\/wp-content\/uploads\/2025\/05\/IMG_6355-scaled.jpg","datePublished":"2025-05-21T12:32:23+00:00","dateModified":"2025-05-22T13:05:55+00:00","author":{"@id":"https:\/\/www.mecauto.es\/#\/schema\/person\/8709eead8b6cc86e4bb162eb2dfbfd4b"},"breadcrumb":{"@id":"https:\/\/www.mecauto.es\/de\/ein-toller-vormittag-beim-firmenlauf-in-san-sebastian\/#breadcrumb"},"inLanguage":"de-DE","potentialAction":[{"@type":"ReadAction","target":["https:\/\/www.mecauto.es\/de\/ein-toller-vormittag-beim-firmenlauf-in-san-sebastian\/"]}]},{"@type":"ImageObject","inLanguage":"de-DE","@id":"https:\/\/www.mecauto.es\/de\/ein-toller-vormittag-beim-firmenlauf-in-san-sebastian\/#primaryimage","url":"https:\/\/www.mecauto.es\/wp-content\/uploads\/2025\/05\/IMG_6355-scaled.jpg","contentUrl":"https:\/\/www.mecauto.es\/wp-content\/uploads\/2025\/05\/IMG_6355-scaled.jpg","width":2560,"height":1920},{"@type":"BreadcrumbList","@id":"https:\/\/www.mecauto.es\/de\/ein-toller-vormittag-beim-firmenlauf-in-san-sebastian\/#breadcrumb","itemListElement":[{"@type":"ListItem","position":1,"name":"Portada","item":"https:\/\/www.mecauto.es\/"},{"@type":"ListItem","position":2,"name":"Ein toller Vormittag beim Firmenlauf in San Sebastian!"}]},{"@type":"WebSite","@id":"https:\/\/www.mecauto.es\/#website","url":"https:\/\/www.mecauto.es\/","name":"Mecauto","description":"","potentialAction":[{"@type":"SearchAction","target":{"@type":"EntryPoint","urlTemplate":"https:\/\/www.mecauto.es\/?s={search_term_string}"},"query-input":{"@type":"PropertyValueSpecification","valueRequired":true,"valueName":"search_term_string"}}],"inLanguage":"de-DE"},{"@type":"Person","@id":"https:\/\/www.mecauto.es\/#\/schema\/person\/8709eead8b6cc86e4bb162eb2dfbfd4b","name":"Alasdair Hood","description":"WISCO","url":"https:\/\/www.mecauto.es\/de\/author\/alasdair\/"}]}},"_links":{"self":[{"href":"https:\/\/www.mecauto.es\/de\/wp-json\/wp\/v2\/posts\/4636","targetHints":{"allow":["GET"]}}],"collection":[{"href":"https:\/\/www.mecauto.es\/de\/wp-json\/wp\/v2\/posts"}],"about":[{"href":"https:\/\/www.mecauto.es\/de\/wp-json\/wp\/v2\/types\/post"}],"author":[{"embeddable":true,"href":"https:\/\/www.mecauto.es\/de\/wp-json\/wp\/v2\/users\/126"}],"replies":[{"embeddable":true,"href":"https:\/\/www.mecauto.es\/de\/wp-json\/wp\/v2\/comments?post=4636"}],"version-history":[{"count":0,"href":"https:\/\/www.mecauto.es\/de\/wp-json\/wp\/v2\/posts\/4636\/revisions"}],"wp:featuredmedia":[{"embeddable":true,"href":"https:\/\/www.mecauto.es\/de\/wp-json\/wp\/v2\/media\/4633"}],"wp:attachment":[{"href":"https:\/\/www.mecauto.es\/de\/wp-json\/wp\/v2\/media?parent=4636"}],"wp:term":[{"taxonomy":"category","embeddable":true,"href":"https:\/\/www.mecauto.es\/de\/wp-json\/wp\/v2\/categories?post=4636"},{"taxonomy":"post_tag","embeddable":true,"href":"https:\/\/www.mecauto.es\/de\/wp-json\/wp\/v2\/tags?post=4636"}],"curies":[{"name":"wp","href":"https:\/\/api.w.org\/{rel}","templated":true}]}}